{"id":231,"date":"2006-12-13T14:07:32","date_gmt":"2006-12-13T21:07:32","guid":{"rendered":"https:\/\/cciforum.dreamhosters.com\/2006\/12\/13\/the-source-of-thoughts-2\/"},"modified":"2012-12-08T11:37:20","modified_gmt":"2012-12-08T19:37:20","slug":"the-source-of-thoughts-2","status":"publish","type":"post","link":"https:\/\/cciforum.dreamhosters.com\/?p=231","title":{"rendered":"The Source of Thoughts"},"content":{"rendered":"<p>The Source of Thoughts<br \/>\nHi ,<br \/>\nnachdem ich die Ex. gestern und heute gemacht habe dr\u00c3\u00a4ngt es mich zu schreiben, weil der Stoff, die Erfahrungen damit zur \u00c3\u0153ber-F\u00c3\u00bclle geraten. Es bleiben jedoch wiederkehrende Erfahrungen, Muster, Abl\u00c3\u00a4ufe und , zumindest vorl\u00c3\u00a4ufige, Erkenntnisse.<br \/>\nZwei Vorg\u00c3\u00a4nge will ich n\u00c3\u00a4her beschreiben. Es ist still um mich herum, wenig Gedanken sind da. Pl\u00c3\u00b6tzlich aufkommendes Flugzeugger\u00c3\u00a4usch, abschwellend, wieder Stille. Aber doch nur f\u00c3\u00bcr mich! In 3 km Entfernung h\u00c3\u00b6ren andere Menschen das Ger\u00c3\u00a4usch. Das Ger\u00c3\u00a4usch ist immer da (zumindest so lange wie der Vogel fliegt), auch wenn ich es noch nicht oder nicht mehr h\u00c3\u00b6re..<br \/>\nHier erinnerte ich mich an eine fr\u00c3\u00bche Studentenerfahrung. Ich las etwas (damals provozierendes) von einem r\u00c3\u00b6mischen Philosophen was offenbar tief in mein Inneres eindrang und ich es immer wieder, in Abst\u00c3\u00a4nden und wohl passendem Kontext, erinnere. Der Philosoph stellte, kurzgefa\u00c3\u0178t, die Behauptung auf: alles was wir Menschen aus der Au\u00c3\u0178enwelt an (guten oder schlechten) Farben, Formen, Zust\u00c3\u00a4nden, T\u00c3\u00b6nen, Erfahrungen usw. aufnehmen \u00e2\u20ac\u201c nichts davon geht verloren. Dieser Gedanke hat mich ein halbes Jahrhundert fasziniert und interessierte mich damals besonders wegen seiner p\u00c3\u00a4d.\/ pschogenetischen Relevanz.<br \/>\nUnd bei der \u00c3\u0153bung kamen nat\u00c3\u00bcrlich auch Bilder, Gedanken aus der Kindheit, von sp\u00c3\u00a4ter und gestern.<br \/>\nVon gestern erinnerte ich z.B. das Bild aus einem Fachartikel von Jan Born, einem Neurophysiologen, der u.a. an der Frage forscht: Wie kommt Zeit ins Ged\u00c3\u00a4chtnis? Dazu war ein mikroskopisches Neuro-Synapsen-Bild zu sehen. Wir haben , vermutlich, alle schon solch ein Bild gesehen und hieer d\u00c3\u00bcrfte der Philosoph recht haben: wir haben alle dieses Bild gespeichert und es geht, solange unsere memory-bank funktioniert, nicht verloren. Es liegt parat, es steht zum \u00e2\u20ac\u017eHeraufholen\u00e2\u20ac\u0153 bereit.<br \/>\nHier korrigiere ich meinen aktivistischen Ausdruck \u00e2\u20ac\u201c nicht \u00e2\u20ac\u017eich denke an das Bild\u00e2\u20ac\u0153 sondern \u00e2\u20ac\u017edas Bild denkt sich in mein Bewusstsein\u00e2\u20ac\u0153<br \/>\nWo war dieses Synapsen-Bild von gestern bis heute? Als ich vor drei Monaten den Artikel las, hatte ich vorher auch schon solche Bilder \u00e2\u20ac\u017egesehen\u00e2\u20ac\u0153. Wohl beim 1. Bild dieser Art mu\u00c3\u0178 etwas ins Spiel gekommen sein was mich faszinierte.<br \/>\nWelch ein Wunder-Werk l\u00c3\u00a4uft da ab! Und in der \u00c3\u0153bungsanleitung werden all die wichtigen Fragen schon gestellt, will ich nicht wiederholen. Aber welche Form hat der Gedanke, wenn immerhin unsere materiellen Synapsen bei den Denkprozessen mitarbeiten. Sind wir hier in einem Grenz-und \u00c3\u0153bergangsbereich? Dieser J. Born hat sein Scheitern zugegeben. Als Hardware-Wissenschaftler braucht er \u00e2\u20ac\u017ehandfeste\u00e2\u20ac\u0153 Belege.<br \/>\nAlso, in erster Linie bin ich fasziniert was sich da tut. Es \u00c3\u00bcberschwemmt mich geradezu mit reflektorischen Aktivit\u00c3\u00a4ten.<br \/>\nMal sehen was Kommentar und Text dazu sagen.<br \/>\nSorry, letztesmal  habe ich meine Post  in \u00e2\u20ac\u017eGeneral Comments\u00e2\u20ac\u0153 gelegt, gleich 2x. Hoffentlich klappt es heute.<br \/>\nArthur<\/p>\n","protected":false},"excerpt":{"rendered":"<p>The Source of Thoughts Hi , nachdem ich die Ex. gestern und heute gemacht habe dr\u00c3\u00a4ngt es mich zu schreiben, weil der Stoff, die Erfahrungen damit zur \u00c3\u0153ber-F\u00c3\u00bclle geraten. Es bleiben jedoch wiederkehrende Erfahrungen, Muster, Abl\u00c3\u00a4ufe und , zumindest vorl\u00c3\u00a4ufige, &hellip; <a href=\"https:\/\/cciforum.dreamhosters.com\/?p=231\">Continue reading <span class=\"meta-nav\">&rarr;<\/span><\/a><\/p>\n","protected":false},"author":7,"featured_media":0,"comment_status":"open","ping_status":"open","sticky":false,"template":"","format":"standard","meta":{"footnotes":""},"categories":[1,11],"tags":[],"class_list":["post-231","post","type-post","status-publish","format-standard","hentry","category-01_general","category-tsk-online-program"],"_links":{"self":[{"href":"https:\/\/cciforum.dreamhosters.com\/index.php?rest_route=\/wp\/v2\/posts\/231","targetHints":{"allow":["GET"]}}],"collection":[{"href":"https:\/\/cciforum.dreamhosters.com\/index.php?rest_route=\/wp\/v2\/posts"}],"about":[{"href":"https:\/\/cciforum.dreamhosters.com\/index.php?rest_route=\/wp\/v2\/types\/post"}],"author":[{"embeddable":true,"href":"https:\/\/cciforum.dreamhosters.com\/index.php?rest_route=\/wp\/v2\/users\/7"}],"replies":[{"embeddable":true,"href":"https:\/\/cciforum.dreamhosters.com\/index.php?rest_route=%2Fwp%2Fv2%2Fcomments&post=231"}],"version-history":[{"count":0,"href":"https:\/\/cciforum.dreamhosters.com\/index.php?rest_route=\/wp\/v2\/posts\/231\/revisions"}],"wp:attachment":[{"href":"https:\/\/cciforum.dreamhosters.com\/index.php?rest_route=%2Fwp%2Fv2%2Fmedia&parent=231"}],"wp:term":[{"taxonomy":"category","embeddable":true,"href":"https:\/\/cciforum.dreamhosters.com\/index.php?rest_route=%2Fwp%2Fv2%2Fcategories&post=231"},{"taxonomy":"post_tag","embeddable":true,"href":"https:\/\/cciforum.dreamhosters.com\/index.php?rest_route=%2Fwp%2Fv2%2Ftags&post=231"}],"curies":[{"name":"wp","href":"https:\/\/api.w.org\/{rel}","templated":true}]}}